{"id":11605,"date":"2013-12-08T16:40:38","date_gmt":"2013-12-08T16:40:38","guid":{"rendered":"https:\/\/cuisine.vsqc.net\/?p=11605"},"modified":"2013-12-08T16:40:38","modified_gmt":"2013-12-08T16:40:38","slug":"on-y-songe","status":"publish","type":"post","link":"https:\/\/cuisine.vsqc.net\/?p=11605","title":{"rendered":"On y songe&#8230;"},"content":{"rendered":"<p>No\u00ebl approchant \u00e0 grand pas, certains d&rsquo;entre vous doivent se demander ce qu&rsquo;ils vont proposer \u00e0 leurs invit\u00e9s. Cette ann\u00e9e encore, je fais partie des chanceux qui se font recevoir, donc ce casse-t\u00eate, je ne le connais pas trop. Cependant en cette p\u00e9riode, j&rsquo;aime vous proposer des petites id\u00e9es pour recevoir ou pour offrir.<\/p>\n<p>Aujourd&rsquo;hui, je vous propose une id\u00e9e d&rsquo;entr\u00e9e ou d&rsquo;amuse-bouche : une quiche! On n&rsquo;y pense peut-\u00eatre pas, mais \u00e7a se d\u00e9guste aussi bien chaud que froid, c&rsquo;est simple \u00e0 pr\u00e9parer et c&rsquo;est toujours bon. Je vous sugg\u00e8re donc la <a href=\"http:\/\/www.ricardocuisine.com\/recettes\/5971-quiche-a-l-oignon-rouge-et-au-saumon-fume\" target=\"_blank\">recette<\/a> de <a href=\"http:\/\/www.ricardocuisine.com\/recettes\/5971-quiche-a-l-oignon-rouge-et-au-saumon-fume\" target=\"_blank\">Ricardo<\/a> issue de son magazine volume 11, num\u00e9ro .<\/p>\n\n<div class=\"recettebody\">\n\n\t<img decoding=\"async\" class=\"imgrecette\" src=\"https:\/\/cuisine.vsqc.net\/wp-content\/galerie\/2013\/2013.12\/quiche_oignon_petit.jpg\" alt=\"Quiche aux oignons rouges et aux lardons\" title=\"Quiche aux oignons rouges et aux lardons\" \/>\n\t<div class=\"recettetitle\">\n\t\t<strong>Quiche aux oignons rouges et aux lardons<\/strong>\n\t\t<br\/><em>Pour 8 personnes<\/em>\n\t\t<div class=\"ingredients\">\n\t\t\t<br><em><strong>P\u00e2te \u00e0 tarte<\/strong><\/em>\n<br>1\u00bc tasse ou 150 g de farine\n<br>\u00bd cuill\u00e8re \u00e0 th\u00e9 de poudre \u00e0 p\u00e2te ou de levure chimique\n<br>\u00bd cuill\u00e8re \u00e0 th\u00e9 de sel*\n<br>6 cuill\u00e8res \u00e0 soupe ou 82 g de beurre froid non sal\u00e9\n<br>\u00bc de tasse ou 60 g d&rsquo;eau froide\n<br><br><em><strong>Garniture<\/strong><\/em>\n<br>4 petits oignons rouge\n<br>6 tranches de bacon d\u00e9coup\u00e9 en petit morceau <br\/>&nbsp;&nbsp;ou 75 g de lardons**\n<br>3 cuill\u00e8res \u00e0 soupe ou 40 g de beurre\n<br>2 cuill\u00e8res \u00e0 soupe de vinaigre de cidre\n<br>6 oeufs\n<br>\u00bd tasse ou 125 g de lait\n<br>\u00bd tasse ou 125 g de cr\u00e8me 35 % ou enti\u00e8re\n<br>\u00bd cuill\u00e8re \u00e0 th\u00e9 de thym frais cisel\u00e9***\n<br>Sel et poivre\n\t\t<\/div>\n\t<\/div>\n\t\n\t<div class=\"recette\">\n\t\t<p><em><strong>P\u00e2te \u00e0 tarte<\/strong><\/em>\n<br>Dans un bol, m\u00e9langer la farine, la poudre \u00e0 p\u00e2te (ou la levure chimique) et le sel. Ajouter le beurre coup\u00e9 en petits cubes et l\u2019incorporer \u00e0 l\u2019aide d\u2019un coupe-p\u00e2te ou de deux couteaux afin d\u2019obtenir une texture granuleuse. Ajouter l&rsquo;eau froide. M\u00e9langer jusqu\u2019\u00e0 ce que la p\u00e2te se tienne lorsqu\u2019elle est press\u00e9e entre les doigts. Fa\u00e7onner un disque avec la p\u00e2te.<\/p>\n<p>Sur un plan de travail l\u00e9g\u00e8rement enfarin\u00e9, abaisser la p\u00e2te et la foncer dans un moule de 25 cm (10 pouces)**** de diam\u00e8tre. R\u00e9frig\u00e9rer la p\u00e2te pendant 30 minutes ou la r\u00e9server au cong\u00e9lateur pendant 15 minutes.<\/p>\n<p><em><strong>Garniture<\/strong><\/em>\n<br>Pr\u00e9chauffer le four \u00e0 200\u00b0C (400\u00b0F)<\/p>\n<p>\u00c9plucher et \u00e9mincer les oignons rouges en demi-rondelles.<\/p>\n<p>Dans une po\u00eale, d\u00e9poser le bacon (ou les lardons) et les faire griller jusqu&rsquo;\u00e0 ce qu&rsquo;il soit croustillant. D\u00e9poser sur une assiette recouverte de papier absorbant. R\u00e9server.<\/p>\n\t\t<div class=\"imginline2\" >\n\t\t\t<a href=\"https:\/\/cuisine.vsqc.net\/wp-content\/galerie\/2013\/2013.12\/quiche_oignon_01.jpg\" >\n\t\t\t\t<img decoding=\"async\" class=\"imginline2\" src=\"https:\/\/cuisine.vsqc.net\/wp-content\/galerie\/2013\/2013.12\/quiche_oignon_01.jpg\" alt=\"Quiche aux oignons rouges\" title=\"Quiche aux oignons rouges\" \/>\n\t\t\t<\/a>\n\t\t<\/div>\n<p>Dans la m\u00eame po\u00eale, ajouter le beurre. Quand le corps gras est fondu, ajouter les oignons et cuire jusqu&rsquo;\u00e0 ce qu&rsquo;ils soient tendres. D\u00e9glacer avec le vinaigre et poursuivre la cuisson encore 2 minutes ou jusqu&rsquo;\u00e0 ce que le vinaigre soit totalement \u00e9vapor\u00e9. Retirer de la po\u00eale et laisser ti\u00e9dir*****.<\/p>\n<p>Dans un bol, fouetter les oeufs avec de le lait, la cr\u00e8me et le thym. Saler l\u00e9g\u00e8rement et poivrer.<\/p>\n<p>D\u00e9poser les oignons sur la p\u00e2te \u00e0 tarte et y r\u00e9partir les lardons. Verser la pr\u00e9paration d&rsquo;oeufs et enfourner. Cuire pendant 40 minutes ou jusqu&rsquo;\u00e0 ce que la quiche soit bien dor\u00e9e. D\u00e9guster chaud, ti\u00e8de ou froid!<\/p>\n<p>*Cette p\u00e2te \u00e0 tarte est assez sal\u00e9e, si vous le voulez, vous pouvez de r\u00e9duire le sel \u00e0 \u00bc de cuill\u00e8re \u00e0 th\u00e9.\n<br>**Changer la garniture, en d\u00e9posant simplement du jambon cuit dans la p\u00e2te \u00e0 tarte pour r\u00e9aliser une quiche plus classique.\n<br>***Je n&rsquo;avais pas de thym frais, alors j&rsquo;ai simplement saupoudrer un peu de thym s\u00e9ch\u00e9 sur ma quiche avant de l&rsquo;enfourner.\n<br>****Vous pouvez utiliser un moule \u00e0 tarte plus petit ou faire deux quiches et varier les garnitures.\n<br>*****Pr\u00e9parer la garniture bien \u00e0 l&rsquo;avance et conserver-l\u00e0 au r\u00e9frig\u00e9rateur jusqu&rsquo;au moment de finaliser la quiche.<\/p>\n\t<\/div>\n<\/div>\n<p>Et vous \u00e0 No\u00ebl, quel r\u00f4le aurez-vous : invit\u00e9 ou h\u00f4te?<\/p>","protected":false},"excerpt":{"rendered":"No\u00ebl approchant \u00e0 grand pas, certains d&rsquo;entre vous doivent se demander ce qu&rsquo;ils vont proposer \u00e0 leurs invit\u00e9s. Cette ann\u00e9e encore, je fais partie des chanceux qui se font recevoir, donc ce casse-t\u00eate, je ne le connais pas trop. Cependant en cette p\u00e9riode, j&rsquo;aime vous proposer des petites id\u00e9es pour recevoir ou pour offrir. Aujourd&rsquo;hui, [&hellip;]","protected":false},"author":2,"featured_media":0,"comment_status":"open","ping_status":"open","sticky":false,"template":"","format":"standard","meta":{"_acf_changed":false,"footnotes":""},"categories":[7,8,1],"tags":[155,198,288],"class_list":["post-11605","post","type-post","status-publish","format-standard","hentry","category-divers","category-entrees","category-index-des-recettes","tag-lardons","tag-oignon","tag-thym"],"acf":[],"_links":{"self":[{"href":"https:\/\/cuisine.vsqc.net\/index.php?rest_route=\/wp\/v2\/posts\/11605","targetHints":{"allow":["GET"]}}],"collection":[{"href":"https:\/\/cuisine.vsqc.net\/index.php?rest_route=\/wp\/v2\/posts"}],"about":[{"href":"https:\/\/cuisine.vsqc.net\/index.php?rest_route=\/wp\/v2\/types\/post"}],"author":[{"embeddable":true,"href":"https:\/\/cuisine.vsqc.net\/index.php?rest_route=\/wp\/v2\/users\/2"}],"replies":[{"embeddable":true,"href":"https:\/\/cuisine.vsqc.net\/index.php?rest_route=%2Fwp%2Fv2%2Fcomments&post=11605"}],"version-history":[{"count":0,"href":"https:\/\/cuisine.vsqc.net\/index.php?rest_route=\/wp\/v2\/posts\/11605\/revisions"}],"wp:attachment":[{"href":"https:\/\/cuisine.vsqc.net\/index.php?rest_route=%2Fwp%2Fv2%2Fmedia&parent=11605"}],"wp:term":[{"taxonomy":"category","embeddable":true,"href":"https:\/\/cuisine.vsqc.net\/index.php?rest_route=%2Fwp%2Fv2%2Fcategories&post=11605"},{"taxonomy":"post_tag","embeddable":true,"href":"https:\/\/cuisine.vsqc.net\/index.php?rest_route=%2Fwp%2Fv2%2Ftags&post=11605"}],"curies":[{"name":"wp","href":"https:\/\/api.w.org\/{rel}","templated":true}]}}