{"id":13031,"date":"2015-06-17T19:06:36","date_gmt":"2015-06-17T19:06:36","guid":{"rendered":"https:\/\/cuisine.vsqc.net\/?p=13031"},"modified":"2015-06-17T19:06:36","modified_gmt":"2015-06-17T19:06:36","slug":"un-air-de-vacances","status":"publish","type":"post","link":"https:\/\/cuisine.vsqc.net\/?p=13031","title":{"rendered":"Un air de vacances"},"content":{"rendered":"<p>Aujourd&rsquo;hui, en parlant avec diff\u00e9rentes personnes, le sujet des vacances est venu naturellement au milieu des discussions. C&rsquo;est dr\u00f4le comment deux conversations \u00e9voluent et finissent par \u00e9voquer le m\u00eame sujet. Je dois bien reconna\u00eetre que jusqu&rsquo;\u00e0 maintenant, je n&rsquo;y avais pas trop song\u00e9. Nous n&rsquo;avons pas vraiment de projet puisque nous d\u00e9calons nos vacances et \u00e9vitons la saison estivale. Pourtant en y pensant un peu, j&rsquo;aurais bien envie de faire un petit saut en Italie : ce n&rsquo;est pas trop loin et la derni\u00e8re fois (et seule fois) o\u00f9 j&rsquo;y ai mis les pieds, je n&rsquo;ai pas mang\u00e9 de pizza&#8230; Et oui, je le regrette, mais pour ma d\u00e9fense, nous \u00e9tions dans un coin peu touristique et le restaurant o\u00f9 nous nous sommes arr\u00eat\u00e9s n&rsquo;en proposait point. D&rsquo;un autre c\u00f4t\u00e9, une belle balade dans une jolie ville suisse peut aussi \u00eatre int\u00e9ressante. Il y a bien longtemps que je n&rsquo;ai pas mis les pieds \u00e0 Berne et pourquoi pas aller \u00e0 B\u00e2le que je ne connais point?<\/p>\n<p>Dans un tout autre ordre d&rsquo;id\u00e9e, je vous propose une recette de g\u00e2teau au pralin\u00e9 et aux \u00e9pices. Ce dernier n&rsquo;est peut-\u00eatre pas la premi\u00e8re id\u00e9e qui vous vient en t\u00eate pour l&rsquo;\u00e9t\u00e9, mais il pourrait bien se glisser dans la voiture pour servir de collation pendant un long trajet&#8230; Cependant, je ne me souviens plus si ce g\u00e2teau faisait peu ou beaucoup de miettes? Cette <a href=\"http:\/\/www.canalvie.com\/recettes\/gateau-aux-noisettes-fool-aux-poires-1.1427653\" target=\"_blank\">recette<\/a> a \u00e9t\u00e9 propos\u00e9e \u00e0 l&rsquo;\u00e9mission <a href=\"http:\/\/www.canalvie.com\/emissions\/les-desserts-de-patrice-1.1092277\" target=\"_blank\">Les desserts de Patrice<\/a>. J&rsquo;ai rebaptis\u00e9 ce g\u00e2teau, car je trouve que le go\u00fbt des \u00e9pices ressort bien. <\/p>\n\n<div class=\"recettebody\">\n\n\t<img decoding=\"async\" class=\"imgrecette\" src=\"https:\/\/cuisine.vsqc.net\/wp-content\/galerie\/2015\/2015.06\/gateau_praline_petit.jpg\" alt=\"G\u00e2teau au pralin\u00e9 et aux \u00e9pices\" title=\"G\u00e2teau au pralin\u00e9 et aux \u00e9pices\" \/>\n\t<div class=\"recettetitle\">\n\t\t<strong>G\u00e2teau au pralin\u00e9 et aux \u00e9pices<\/strong>\n\t\t<br\/><em>Pour 16 personnes<\/em>\n\t\t<div class=\"ingredients\">\n\t\t\t<br>\u00bd tasse ou 110 g de beurre non sal\u00e9\n<br>3 oeufs\n<br>1\u00bc tasse ou 250 g de cassonade ou de sucre roux\n<br>\u2153 de tasse ou 125 g de pralin\u00e9*\n<br>\u2154 de tasse ou 167 g de lait\n<br>\u00bd tasse ou 65 g de farine\n<br>\u00bd tasse ou 65 g de farine de bl\u00e9 entier**\n<br>\u00bd cuill\u00e8re \u00e0 th\u00e9 de cannelle moulue\n<br>\u00bd cuill\u00e8re \u00e0 th\u00e9 de gingembre moulu\n<br>\u00bd cuill\u00e8re \u00e0 th\u00e9 de cardamome moulue\n<br>\u00bd cuill\u00e8re \u00e0 th\u00e9 d&rsquo;anis \u00e9toil\u00e9 moulue***\n<br>2 cuill\u00e8res \u00e0 th\u00e9 de poudre \u00e0 p\u00e2te ou de levure chimique\n<br>\u00bd cuill\u00e8re \u00e0 th\u00e9 de sel\n\t\t<\/div>\n\t<\/div>\n\t\n\t<div class=\"recette\">\n\t\t<p>Pr\u00e9chauffer le four \u00e0 180\u00b0C (350\u00b0F). Beurrer deux moules rectangulaires d&rsquo;environ 20 cm par 10 cm (8 pouces par 4 pouces). D\u00e9couper deux rectangles de papier parchemin pour couvrir le fond des moules. Enfariner les c\u00f4t\u00e9s des moules.<\/p>\n<p>D\u00e9poser le beurre dans un chaudron et faire chauffer \u00e0 feu moyen. Laisser le beurre cuire jusqu&rsquo;\u00e0 ce qu&rsquo;il commence \u00e0 changer de couleur. Retirer le beurre du feu et le verser dans un bol pour arr\u00eater sa cuisson.<\/p>\n<p>Dans un bol, casser les oeufs et ajouter la cassonade (ou le sucre roux). Fouetter jusqu&rsquo;\u00e0 ce que le m\u00e9lange deviennent mousseux et l\u00e9ger.<\/p>\n<p>Ajouter le pralin\u00e9 au beurre fondu et bien m\u00e9langer. Puis, incorporer le m\u00e9lange de beurre et de pralin\u00e9 \u00e0 la pr\u00e9paration d&rsquo;oeufs. Ajouter le lait.<\/p>\n\t\t<div class=\"imginline2\" >\n\t\t\t<a href=\"https:\/\/cuisine.vsqc.net\/wp-content\/galerie\/2015\/2015.06\/gateau_praline_01.jpg\" >\n\t\t\t\t<img decoding=\"async\" class=\"imginline2\" src=\"https:\/\/cuisine.vsqc.net\/wp-content\/galerie\/2015\/2015.06\/gateau_praline_01.jpg\" alt=\"G\u00e2teau au pralin\u00e9 de noisettes et aux \u00e9pices\" title=\"G\u00e2teau au pralin\u00e9 de noisettes et aux \u00e9pices\" \/>\n\t\t\t<\/a>\n\t\t<\/div>\n<p>Tamiser les farines avec la cannelle, le gingembre, la cardamome, l&rsquo;anis \u00e9toil\u00e9, la poudre \u00e0 p\u00e2te et le sel. Incorporer d\u00e9licatement le m\u00e9lange de farines \u00e9pic\u00e9es au m\u00e9lange plus liquide. Verser la p\u00e2te dans les moules et enfourner. Cuire pendant 15 minutes. Baisser la temp\u00e9rature du four \u00e0 150\u00b0C (300\u00b0F) et poursuivre la cuisson 15 minutes ou jusqu&rsquo;\u00e0 ce qu&rsquo;un cure-dent ins\u00e9r\u00e9 au centre du g\u00e2teau ressorte propre.<\/p>\n<p>Laisser les g\u00e2teaux temp\u00e9rer pendant 15 minutes avant de les d\u00e9mouler. D\u00e9guster avec gourmandise.<\/p>\n<p>*Le pralin\u00e9 est une p\u00e2te obtenue en broyant des amandes ou des noisettes (ou un m\u00e9lange des deux) enrob\u00e9es de sucre caram\u00e9lis\u00e9 comme ici. Il est possible de remplacer le pralin\u00e9 par une p\u00e2te \u00e0 tartiner aux noisettes.\n<br>**Si vous trouvez de la farine de bl\u00e9 entier pour la p\u00e2tisserie, la texture du g\u00e2teau sera plus l\u00e9g\u00e8re. Moi, j&rsquo;ai utilis\u00e9 de la farine de bl\u00e9 entier traditionnelle.\n<br>***Vous pouvez remplacer ou omettre les \u00e9pices sugg\u00e9r\u00e9es.<\/p>\n\t<\/div>\n<\/div>\n<p>Et vous, quels sont vos projets pour les vacances d&rsquo;\u00e9t\u00e9?<\/p>","protected":false},"excerpt":{"rendered":"Aujourd&rsquo;hui, en parlant avec diff\u00e9rentes personnes, le sujet des vacances est venu naturellement au milieu des discussions. C&rsquo;est dr\u00f4le comment deux conversations \u00e9voluent et finissent par \u00e9voquer le m\u00eame sujet. Je dois bien reconna\u00eetre que jusqu&rsquo;\u00e0 maintenant, je n&rsquo;y avais pas trop song\u00e9. Nous n&rsquo;avons pas vraiment de projet puisque nous d\u00e9calons nos vacances et [&hellip;]","protected":false},"author":2,"featured_media":0,"comment_status":"open","ping_status":"open","sticky":false,"template":"","format":"standard","meta":{"_acf_changed":false,"footnotes":""},"categories":[2,1],"tags":[31,55,60,128,236],"class_list":["post-13031","post","type-post","status-publish","format-standard","hentry","category-biscuits-et-gateaux","category-index-des-recettes","tag-anis-etoile","tag-cannelle","tag-cardamome","tag-gingembre","tag-praline"],"acf":[],"_links":{"self":[{"href":"https:\/\/cuisine.vsqc.net\/index.php?rest_route=\/wp\/v2\/posts\/13031","targetHints":{"allow":["GET"]}}],"collection":[{"href":"https:\/\/cuisine.vsqc.net\/index.php?rest_route=\/wp\/v2\/posts"}],"about":[{"href":"https:\/\/cuisine.vsqc.net\/index.php?rest_route=\/wp\/v2\/types\/post"}],"author":[{"embeddable":true,"href":"https:\/\/cuisine.vsqc.net\/index.php?rest_route=\/wp\/v2\/users\/2"}],"replies":[{"embeddable":true,"href":"https:\/\/cuisine.vsqc.net\/index.php?rest_route=%2Fwp%2Fv2%2Fcomments&post=13031"}],"version-history":[{"count":0,"href":"https:\/\/cuisine.vsqc.net\/index.php?rest_route=\/wp\/v2\/posts\/13031\/revisions"}],"wp:attachment":[{"href":"https:\/\/cuisine.vsqc.net\/index.php?rest_route=%2Fwp%2Fv2%2Fmedia&parent=13031"}],"wp:term":[{"taxonomy":"category","embeddable":true,"href":"https:\/\/cuisine.vsqc.net\/index.php?rest_route=%2Fwp%2Fv2%2Fcategories&post=13031"},{"taxonomy":"post_tag","embeddable":true,"href":"https:\/\/cuisine.vsqc.net\/index.php?rest_route=%2Fwp%2Fv2%2Ftags&post=13031"}],"curies":[{"name":"wp","href":"https:\/\/api.w.org\/{rel}","templated":true}]}}