{"id":15820,"date":"2017-10-11T19:14:31","date_gmt":"2017-10-11T19:14:31","guid":{"rendered":"https:\/\/cuisine.vsqc.net\/?p=15820"},"modified":"2017-10-11T19:14:31","modified_gmt":"2017-10-11T19:14:31","slug":"plus-simple-que-des-biscuits","status":"publish","type":"post","link":"https:\/\/cuisine.vsqc.net\/?p=15820","title":{"rendered":"Plus simple que des biscuits&#8230;"},"content":{"rendered":"<p>Il y a quelques temps, j&rsquo;avais propos\u00e9 \u00e0 Mini-nous de r\u00e9aliser des biscuits. L&rsquo;id\u00e9e a tout de suite charm\u00e9e. Par la m\u00eame occasion, je me suis dit qu&rsquo;il serait int\u00e9ressant de sortir le livre <a href=\"http:\/\/renaud-bray.com\/Livres_Produit.aspx?id=1779153&#038;def=Mon+premier+livre+de+recettes%2cLARRIV%C3%89E%2c+RICARDO%2c9782897054489\" rel=\"noopener\" target=\"_blank\">Mon premier livre de recette<\/a> de <a href=\"http:\/\/ici.radio-canada.ca\/tele\/ricardo\" rel=\"noopener\" target=\"_blank\">Ricardo<\/a> et d&rsquo;enfin l&#8217;employer. J&rsquo;ai dit \u00e0 Mini-nous d&rsquo;ouvrir le livre et de choisir une recette. J&rsquo;\u00e9tais convaincue que la recette choisie serait des biscuits&#8230; Et non, Mini-nous a pr\u00e9f\u00e9r\u00e9 des <a href=\"https:\/\/www.ricardocuisine.com\/recettes\/6244-popsicles-aux-fruits\" rel=\"noopener\" target=\"_blank\">sucettes glac\u00e9es<\/a>! La recette est des plus simples, des plus rapides et des plus d\u00e9licieuses. Apr\u00e8s, si comme moi, vous devez pr\u00e9parer la compote de pommes, \u00e7a allonge un peu la pr\u00e9paration.<\/p>\n\n<div class=\"recettebody\">\n\n\t<img decoding=\"async\" class=\"imgrecette\" src=\"https:\/\/cuisine.vsqc.net\/wp-content\/galerie\/2017\/2017.10\/popsicles_pomme_petit.jpg\" alt=\"Sucettes glac\u00e9es aux pommes (popsicles)\" title=\"Sucettes glac\u00e9es aux pommes (popsicles)\" \/>\n\t<div class=\"recettetitle\">\n\t\t<strong>Sucettes glac\u00e9es aux pommes (popsicles)<\/strong>\n\t\t<br\/><em>Pour 8 \u00e0 12 portions*<\/em>\n\t\t<div class=\"ingredients\">\n\t\t\t<br>2 tasses ou 460 g de compote de pommes non sucr\u00e9e**\n<br>\u2153 de tasse ou 67 g de sucre\n\t\t<\/div>\n\t<\/div>\n\t\n\t<div class=\"recette\">\n\t\t<p>Dans un bol, m\u00e9langer la compote de pommes et le sucre. M\u00e9langer jusqu&rsquo;\u00e0 ce que le sucre soit bien dissous. Verser le m\u00e9lange dans des moules \u00e0 sucettes glac\u00e9es.<\/p>\n<p>Placer au cong\u00e9lateur pendant au moins 6 heures.<\/p>\n\t\t<div class=\"imginline2\" >\n\t\t\t<a href=\"https:\/\/cuisine.vsqc.net\/wp-content\/galerie\/2017\/2017.10\/popsicles_pomme_01.jpg\" >\n\t\t\t\t<img decoding=\"async\" class=\"imginline2\" src=\"https:\/\/cuisine.vsqc.net\/wp-content\/galerie\/2017\/2017.10\/popsicles_pomme_01.jpg\" alt=\"Popsicles aux pommes\" title=\"Popsicles aux pommes\" \/>\n\t\t\t<\/a>\n\t\t<\/div>\n<p>Au moment de d\u00e9guster, faire couler un peu d&rsquo;eau chaude sur la base du moule pour faciliter le d\u00e9moulage. D\u00e9guster sans attendre avec gourmandise.<\/p>\n<p>*Le nombre de portions variera en fonction de la taille des moules employ\u00e9s.\n<br>**Envie d&rsquo;un autre parfum? Mixer des fruits de votre choix (fraises, framboises, bleuets, mangue, bananes, etc.) et, au besoin, passer la pur\u00e9e de fruits au travers d&rsquo;un tamis. Pour une texture encore plus cr\u00e9meuse, remplacez 1 tasse ou 230 g de compote de pommes par du yogourt nature.<\/p>\n\t<\/div>\n<\/div>\n<p>Et vous, pensez-vous \u00e0 pr\u00e9parer des sucettes glac\u00e9es?<\/p>","protected":false},"excerpt":{"rendered":"Nom de la recette","protected":false},"author":2,"featured_media":0,"comment_status":"open","ping_status":"open","sticky":false,"template":"","format":"standard","meta":{"_acf_changed":false,"footnotes":""},"categories":[6,1],"tags":[231],"class_list":["post-15820","post","type-post","status-publish","format-standard","hentry","category-desserts","category-index-des-recettes","tag-pomme"],"acf":[],"_links":{"self":[{"href":"https:\/\/cuisine.vsqc.net\/index.php?rest_route=\/wp\/v2\/posts\/15820","targetHints":{"allow":["GET"]}}],"collection":[{"href":"https:\/\/cuisine.vsqc.net\/index.php?rest_route=\/wp\/v2\/posts"}],"about":[{"href":"https:\/\/cuisine.vsqc.net\/index.php?rest_route=\/wp\/v2\/types\/post"}],"author":[{"embeddable":true,"href":"https:\/\/cuisine.vsqc.net\/index.php?rest_route=\/wp\/v2\/users\/2"}],"replies":[{"embeddable":true,"href":"https:\/\/cuisine.vsqc.net\/index.php?rest_route=%2Fwp%2Fv2%2Fcomments&post=15820"}],"version-history":[{"count":0,"href":"https:\/\/cuisine.vsqc.net\/index.php?rest_route=\/wp\/v2\/posts\/15820\/revisions"}],"wp:attachment":[{"href":"https:\/\/cuisine.vsqc.net\/index.php?rest_route=%2Fwp%2Fv2%2Fmedia&parent=15820"}],"wp:term":[{"taxonomy":"category","embeddable":true,"href":"https:\/\/cuisine.vsqc.net\/index.php?rest_route=%2Fwp%2Fv2%2Fcategories&post=15820"},{"taxonomy":"post_tag","embeddable":true,"href":"https:\/\/cuisine.vsqc.net\/index.php?rest_route=%2Fwp%2Fv2%2Ftags&post=15820"}],"curies":[{"name":"wp","href":"https:\/\/api.w.org\/{rel}","templated":true}]}}