{"id":16293,"date":"2018-06-17T20:04:36","date_gmt":"2018-06-17T20:04:36","guid":{"rendered":"https:\/\/cuisine.vsqc.net\/?p=16293"},"modified":"2018-06-17T20:04:36","modified_gmt":"2018-06-17T20:04:36","slug":"le-plaisir-davoir-une-porte-qui-souvre","status":"publish","type":"post","link":"https:\/\/cuisine.vsqc.net\/?p=16293","title":{"rendered":"Le plaisir d&rsquo;avoir une porte qui s&rsquo;ouvre&#8230;"},"content":{"rendered":"<p>Pour entrer dans la maison, nous avons deux portes : une principale qui arrive sur les pi\u00e8ces \u00e0 vivre et une autre qui permet d&rsquo;entrer \u00e0 partir du garage. Cette porte nous l&#8217;employons peu pour l&rsquo;instant, puisque nous attendons encore sur le bitumage de la cour. Vu l&rsquo;\u00e9cart entre la gravelle et le palier du garage, il est plut\u00f4t risqu\u00e9 de mettre la voiture dans le garage&#8230; De plus jusqu&rsquo;\u00e0 r\u00e9cemment, nous avions un autre probl\u00e8me : impossible d&rsquo;ouvrir ou de verrouiller la porte par l&rsquo;int\u00e9rieur! Nous avons contact\u00e9 le menuisier (oui, c&rsquo;est le menuisier qui s&rsquo;occupe de ce genre de probl\u00e8me) une premi\u00e8re fois par t\u00e9l\u00e9phone, mais il ne pouvait pas r\u00e9pondre. Nous avons donc envoy\u00e9 un courriel qui est rest\u00e9 sans r\u00e9ponse. J&rsquo;ai recontact\u00e9 le menuisier et cette fois, il \u00e9tait disponible et a pu se d\u00e9placer dans la journ\u00e9e. Le cylindre avait belle et bien un probl\u00e8me : un petit ressort de bris\u00e9. Un petit tour \u00e0 l&rsquo;atelier et quelques heures plus tard, nous avons une porte qui s&rsquo;ouvre et se verrouille de l&rsquo;ext\u00e9rieur autant que de l&rsquo;int\u00e9rieur. \u00c7a fait plaisir de voir que le nombre de retouches \u00e0 effectuer diminuent grandement depuis le d\u00e9but du mois.<\/p>\n<p>Pour aujourd&rsquo;hui, je vous propose une petite recette de c\u00f4tes lev\u00e9es \u00e0 la pomme. L&rsquo;id\u00e9e me plaisait et \u00e7a change de mes recettes habituelles qui ont plut\u00f4t un go\u00fbt tomat\u00e9 ou barbecue. J&rsquo;ai beaucoup de mal \u00e0 essayer d&rsquo;autres types de c\u00f4tes lev\u00e9es : j&rsquo;ai des go\u00fbts plut\u00f4t classiques pour cette viande. Cette recette est tir\u00e9e du livre <a href=\"http:\/\/renaud-bray.com\/Livres_Produit.aspx?id=1101593&#038;def=Plaisirs+coupables%2cPLANTE%2c+JEAN-FRANCOIS%2c9782761929356\" rel=\"noopener\" target=\"_blank\">Plaisirs coupables<\/a> de <a href=\"http:\/\/gustaveresto.ca\/\" rel=\"noopener\" target=\"_blank\">Jean-Fran\u00e7ois Plante<\/a>.<\/p>\n\n<div class=\"recettebody\">\n\n\t<img decoding=\"async\" class=\"imgrecette\" src=\"https:\/\/cuisine.vsqc.net\/wp-content\/galerie\/2018\/2018.06\/cotes_levees_pomme_petit.jpg\" alt=\"C\u00f4tes lev\u00e9es aux pommes, au brandy et \u00e0 l'\u00e9rable\" title=\"C\u00f4tes lev\u00e9es aux pommes, au brandy et \u00e0 l'\u00e9rable\" \/>\n\t<div class=\"recettetitle\">\n\t\t<strong>C\u00f4tes lev\u00e9es aux pommes, au brandy et \u00e0 l&rsquo;\u00e9rable<\/strong>\n\t\t<br\/><em>Pour 3 personnes<\/em>\n\t\t<div class=\"ingredients\">\n\t\t\t<br>700 g (1\u00bd livre) de c\u00f4tes lev\u00e9es\n<br>3 cuill\u00e8res \u00e0 soupe de compote de pommes\n<br>2 cuill\u00e8res \u00e0 soupe de brandy*\n<br>1 cuill\u00e8re \u00e0 soupe de moutarde de Dijon\n<br>2 gousses d&rsquo;ail\n<br>2 cuill\u00e8res \u00e0 soupe de sirop d&rsquo;\u00e9rable\n<br>2 cuill\u00e8res \u00e0 soupe de cassonade ou de sucre roux\n<br>\u00bc de cuill\u00e8re \u00e0 th\u00e9 de fum\u00e9e liquide**\n<br>2 cuill\u00e8res \u00e0 soupe de jus de citron\n<br>Sel et poivre\n\t\t<\/div>\n\t<\/div>\n\t\n\t<div class=\"recette\">\n\t\t<p>Dans une grande casserole, d\u00e9poser les c\u00f4tes lev\u00e9es, couvrir d&rsquo;eau et saler. Porter \u00e0 \u00e9bullition et laisser mijoter \u00e0 feu doux pendant 90 minutes. Apr\u00e8s ce temps de cuisson, \u00e9goutter les c\u00f4tes lev\u00e9es.<\/p>\n<p>Hacher l&rsquo;ail.<\/p>\n<p>Dans une petite casserole, m\u00e9langer la compote, le brandy, la moutarde, l&rsquo;ail, le sirop d&rsquo;\u00e9rable, la cassonade, la fum\u00e9 liquide et le jus de citron. \u00c0 feu doux, porter \u00e0 \u00e9bullition et laisser mijoter pendant 10 minutes. Laisser refroidir.<\/p>\n<p>D\u00e9poser les c\u00f4tes lev\u00e9es dans un plat et verser la pr\u00e9paration de compote. Veiller \u00e0 enrober les c\u00f4tes lev\u00e9es de toutes parts, couvrir et laisser mariner au r\u00e9frig\u00e9rateur pendant au minimum 4 heures.<\/p>\n<p>Pr\u00e9chauffer le four \u00e0 190\u00b0C (375\u00b0F).<\/p>\n\t\t<div class=\"imginline2\" >\n\t\t\t<a href=\"https:\/\/cuisine.vsqc.net\/wp-content\/galerie\/2018\/2018.06\/cotes_levees_pomme_01.jpg\" >\n\t\t\t\t<img decoding=\"async\" class=\"imginline2\" src=\"https:\/\/cuisine.vsqc.net\/wp-content\/galerie\/2018\/2018.06\/cotes_levees_pomme_01.jpg\" alt=\"C\u00f4tes lev\u00e9es aux pommes, au cognac et \u00e0 l'\u00e9rable\" title=\"C\u00f4tes lev\u00e9es aux pommes, au cognac et \u00e0 l'\u00e9rable\" \/>\n\t\t\t<\/a>\n\t\t<\/div>\n<p>D\u00e9poser les c\u00f4tes lev\u00e9es sur une plaque de cuisson recouverte de papier parchemin. Saler et poivrer. Enfourner pendant 10 minutes. Badigeonner la viande avec le restant de marinade. Laisser cuire encore 10 minutes et badigeonner la viande de nouveau. Laisser cuire une derni\u00e8re fois pendant 10 minutes. Servir et d\u00e9guster avec plaisir.<\/p>\n<p>*Il est possible de remplacer le brandy par du cognac.\n<br>**La fum\u00e9e liquide apporte beaucoup de go\u00fbt. Si vous n&rsquo;en avez pas : vous pouvez l&rsquo;omettre ou ajouter un peu de paprika fum\u00e9.<\/p>\n\t<\/div>\n<\/div>","protected":false},"excerpt":{"rendered":"Nom de la recette","protected":false},"author":2,"featured_media":0,"comment_status":"open","ping_status":"open","sticky":false,"template":"","format":"standard","meta":{"_acf_changed":false,"footnotes":""},"categories":[1,18],"tags":[24,73,79,184,231,275],"class_list":["post-16293","post","type-post","status-publish","format-standard","hentry","category-index-des-recettes","category-viandes","tag-ail","tag-citron","tag-cognac","tag-moutarde-de-dijon","tag-pomme","tag-sirop-derable"],"acf":[],"_links":{"self":[{"href":"https:\/\/cuisine.vsqc.net\/index.php?rest_route=\/wp\/v2\/posts\/16293","targetHints":{"allow":["GET"]}}],"collection":[{"href":"https:\/\/cuisine.vsqc.net\/index.php?rest_route=\/wp\/v2\/posts"}],"about":[{"href":"https:\/\/cuisine.vsqc.net\/index.php?rest_route=\/wp\/v2\/types\/post"}],"author":[{"embeddable":true,"href":"https:\/\/cuisine.vsqc.net\/index.php?rest_route=\/wp\/v2\/users\/2"}],"replies":[{"embeddable":true,"href":"https:\/\/cuisine.vsqc.net\/index.php?rest_route=%2Fwp%2Fv2%2Fcomments&post=16293"}],"version-history":[{"count":0,"href":"https:\/\/cuisine.vsqc.net\/index.php?rest_route=\/wp\/v2\/posts\/16293\/revisions"}],"wp:attachment":[{"href":"https:\/\/cuisine.vsqc.net\/index.php?rest_route=%2Fwp%2Fv2%2Fmedia&parent=16293"}],"wp:term":[{"taxonomy":"category","embeddable":true,"href":"https:\/\/cuisine.vsqc.net\/index.php?rest_route=%2Fwp%2Fv2%2Fcategories&post=16293"},{"taxonomy":"post_tag","embeddable":true,"href":"https:\/\/cuisine.vsqc.net\/index.php?rest_route=%2Fwp%2Fv2%2Ftags&post=16293"}],"curies":[{"name":"wp","href":"https:\/\/api.w.org\/{rel}","templated":true}]}}