{"id":17590,"date":"2020-01-08T19:20:07","date_gmt":"2020-01-08T19:20:07","guid":{"rendered":"https:\/\/cuisine.vsqc.net\/?p=17590"},"modified":"2020-01-08T19:20:07","modified_gmt":"2020-01-08T19:20:07","slug":"petites-choses","status":"publish","type":"post","link":"https:\/\/cuisine.vsqc.net\/?p=17590","title":{"rendered":"Petites choses&#8230;"},"content":{"rendered":"<p>Actuellement, il y a plusieurs petites choses qui me trottent dans la t\u00eate, rien de grave, rien d&rsquo;urgent non plus. Cependant, ces petits trucs s&rsquo;accumulent et me demandent tous un peu de r\u00e9flection ou de planification. Pourquoi tous ces petits \u00e9l\u00e9ments choisissent la \nm\u00eame semaine pour se pr\u00e9senter? C&rsquo;est comme lorsqu&rsquo;on est invit\u00e9 pour une fin de semaine : il est fort probable que d&rsquo;autres activit\u00e9s viennent se greffer au weekend!<\/p>\n<p>Pour \u00e9viter les prises de t\u00eates, voil\u00e0 une recette de biscuits tout simple : des spritz. J&rsquo;ai pris cette <a href=\"https:\/\/scally.typepad.com\/cest_moi_qui_lai_fait\/2009\/12\/cadeaux-gourmands-n-4-les-spritz-ou-spritzbredle.html\" rel=\"noopener noreferrer\" target=\"_blank\">recette<\/a> sur le blog de <a href=\"https:\/\/scally.typepad.com\" rel=\"noopener noreferrer\" target=\"_blank\">C&rsquo;est moi qui l&rsquo;ai fait!<\/a><\/p>\n\n<div class=\"recettebody\">\n\n\t<img decoding=\"async\" class=\"imgrecette\" src=\"https:\/\/cuisine.vsqc.net\/wp-content\/galerie\/2020\/2020.01\/spritz_petit.jpg\" alt=\"Spritz (biscuits)\" title=\"Spritz (biscuits)\" \/>\n\t<div class=\"recettetitle\">\n\t\t<strong>Spritz (biscuits)<\/strong>\n\t\t<br\/><em>Pour 30 biscuits<\/em>\n\t\t<div class=\"ingredients\">\n\t\t\t<br>1\u00be de tasse ou 250 g de farine\n<br>\u00be de tasse et 2 cuill\u00e8res \u00e0 soupe ou 125 g de sucre\n<br>\u00be de tasse et 2 cuill\u00e8res \u00e0 th\u00e9 ou 175 g de beurre non sal\u00e9*, <br\/>&nbsp;&nbsp;temp\u00e9r\u00e9\n<br>1 oeuf\n<br>\u00bd tasse ou 60 g de poudre d&rsquo;amandes\n<br>1 gousse de vanille\n<br>2 pinc\u00e9es de sel\n\t\t<\/div>\n\t<\/div>\n\t\n\t<div class=\"recette\">\n\t\t<p>Dans un bol, m\u00e9langer la farine, la poudre d&rsquo;amandes et le sel.<\/p>\n<p>Dans un autre bol, mettre le beurre et le sucre. Fendre la gousse de vanille en deux, gratter les grains et les ajouter au sucre. Fouetter jusqu&rsquo;\u00e0 ce que le beurre et le sucre soient bien cr\u00e9meux. Incorporer l&rsquo;oeuf, puis la pr\u00e9paration de farine. \u00c9viter de trop travailler la p\u00e2te.<\/p>\n<p>Verser la p\u00e2te dans une poche \u00e0 p\u00e2tisserie muni d&rsquo;une douille cannel\u00e9e, tracer des cercles sur une plaque de cuisson recouverte de papier parchemin. Si la p\u00e2te est trop molle, placer la p\u00e2te au r\u00e9frig\u00e9rateur pendant 10 \u00e0 20 pour la raffermir**.<\/p>\n<p>Pr\u00e9chauffer le four \u00e0 180\u00b0C (350\u00b0F).<\/p>\n\t\t<div class=\"imginline2\" >\n\t\t\t<a href=\"https:\/\/cuisine.vsqc.net\/wp-content\/galerie\/2020\/2020.01\/spritz_01.jpg\" >\n\t\t\t\t<img decoding=\"async\" class=\"imginline2\" src=\"https:\/\/cuisine.vsqc.net\/wp-content\/galerie\/2020\/2020.01\/spritz_01.jpg\" alt=\"Spritz\" title=\"Spritz\" \/>\n\t\t\t<\/a>\n\t\t<\/div>\n<p>Enfourner les biscuits et cuire pendant 10 minutes. Les biscuits doivent rester blonds et se d\u00e9tacher tr\u00e8s facilement de la plaque de cuisson. Placer les biscuits sur une grille et les laisser totalement refroidir. Ces biscuits se conservent pendant 2 semaines, voire un peu plus. D\u00e9guster avec gourmandise.<\/p>\n<p>*Vous pouvez utiliser du beurre demi-sel. Dans ce cas, omettez le sel dans la recette.\n<br>**J&rsquo;ai essay\u00e9 de dresser mes biscuits avec la poche \u00e0 p\u00e2tisserie apr\u00e8s avoir mis ma p\u00e2te au frais, mais ma p\u00e2te \u00e9tait devenue trop ferme. Je vous sugg\u00e8re donc de commencer \u00e0 dresser vos biscuits et de voir si votre p\u00e2te \u00e0 besoin d&rsquo;\u00eatre r\u00e9frig\u00e9rer. Si vous voulez utiliser un hachoir \u00e0 viande avec un embout \u00e0 biscuits, r\u00e9frig\u00e9rer la p\u00e2te 20 minutes avant de commencer.<\/p>\n\t<\/div>\n<\/div>\n<p><\/p>","protected":false},"excerpt":{"rendered":"Nom de la recette","protected":false},"author":2,"featured_media":0,"comment_status":"open","ping_status":"open","sticky":false,"template":"","format":"standard","meta":{"_acf_changed":false,"footnotes":""},"categories":[2,1],"tags":[26,291],"class_list":["post-17590","post","type-post","status-publish","format-standard","hentry","category-biscuits-et-gateaux","category-index-des-recettes","tag-amandes","tag-vanille"],"acf":[],"_links":{"self":[{"href":"https:\/\/cuisine.vsqc.net\/index.php?rest_route=\/wp\/v2\/posts\/17590","targetHints":{"allow":["GET"]}}],"collection":[{"href":"https:\/\/cuisine.vsqc.net\/index.php?rest_route=\/wp\/v2\/posts"}],"about":[{"href":"https:\/\/cuisine.vsqc.net\/index.php?rest_route=\/wp\/v2\/types\/post"}],"author":[{"embeddable":true,"href":"https:\/\/cuisine.vsqc.net\/index.php?rest_route=\/wp\/v2\/users\/2"}],"replies":[{"embeddable":true,"href":"https:\/\/cuisine.vsqc.net\/index.php?rest_route=%2Fwp%2Fv2%2Fcomments&post=17590"}],"version-history":[{"count":0,"href":"https:\/\/cuisine.vsqc.net\/index.php?rest_route=\/wp\/v2\/posts\/17590\/revisions"}],"wp:attachment":[{"href":"https:\/\/cuisine.vsqc.net\/index.php?rest_route=%2Fwp%2Fv2%2Fmedia&parent=17590"}],"wp:term":[{"taxonomy":"category","embeddable":true,"href":"https:\/\/cuisine.vsqc.net\/index.php?rest_route=%2Fwp%2Fv2%2Fcategories&post=17590"},{"taxonomy":"post_tag","embeddable":true,"href":"https:\/\/cuisine.vsqc.net\/index.php?rest_route=%2Fwp%2Fv2%2Ftags&post=17590"}],"curies":[{"name":"wp","href":"https:\/\/api.w.org\/{rel}","templated":true}]}}