{"id":17974,"date":"2020-06-24T16:16:53","date_gmt":"2020-06-24T16:16:53","guid":{"rendered":"https:\/\/cuisine.vsqc.net\/?p=17974"},"modified":"2020-06-24T16:16:53","modified_gmt":"2020-06-24T16:16:53","slug":"des-plans-qui-changent-au-dernier-moment","status":"publish","type":"post","link":"https:\/\/cuisine.vsqc.net\/?p=17974","title":{"rendered":"Des plans qui changent au dernier moment&#8230;"},"content":{"rendered":"<p>Aujourd&rsquo;hui, je n&rsquo;aurais pas pass\u00e9 beaucoup de temps \u00e0 la maison. Nous avons pass\u00e9 une partie de la journ\u00e9e aux bains (nom des stations thermales en Suisse) et ce soir, j&rsquo;ai une soir\u00e9e entre filles. Malheureusement, une de nos amies a eu un emp\u00eachement de derni\u00e8re minutes et la soir\u00e9e s&rsquo;en trouve l\u00e9g\u00e8rement modifi\u00e9e. Pour compenser son absence, j&rsquo;ai promis de prendre la boisson non alcoolis\u00e9e qu&rsquo;elle me disait. \u00c7a sera donc un coca z\u00e9ro&#8230; j&rsquo;aurai peut-\u00eatre pr\u00e9f\u00e9r\u00e9 un jus de pommes!<\/p>\n<p>Pour ce passage en vitesse, je vous propose une autre recette toute simple aux fraises : des fraises viennoises. J&rsquo;ai pris cette <a href=\"http:\/\/lesgourmandisesdisa.blogspot.ch\/2012\/07\/fraises-viennoises.html\" rel=\"noopener noreferrer\" target=\"_blank\">recette<\/a> sur le blog d&rsquo;Isabelle, <a href=\"http:\/\/lesgourmandisesdisa.blogspot.ca\" rel=\"noopener noreferrer\" target=\"_blank\">Les gourmandises d&rsquo;Isa<\/a>.<\/p>\n\n<div class=\"recettebody\">\n\n\t<img decoding=\"async\" class=\"imgrecette\" src=\"https:\/\/cuisine.vsqc.net\/wp-content\/galerie\/2020\/2020.06\/fraises_viennoises_petit.jpg\" alt=\"Fraises viennoises\" title=\"Fraises viennoises\" \/>\n\t<div class=\"recettetitle\">\n\t\t<strong>Fraises viennoises<\/strong>\n\t\t<br\/><em>Pour 4 \u00e0 6 personnes<\/em>\n\t\t<div class=\"ingredients\">\n\t\t\t<br><em><strong>Pr\u00e9paration aux fraises<\/strong><\/em>\n<br>2 tasses ou 350 g de fraises\n<br>2 cuill\u00e8res \u00e0 soupe de sucre glace\n<br>1\u00bd cuill\u00e8re \u00e0 th\u00e9 de g\u00e9latine en poudre <br\/>&nbsp;&nbsp;ou 1\u00bd de feuille de g\u00e9latine (3 g)\n<br>\n<br><em><strong>Chantilly<\/strong><\/em>\n<br>1 tasse ou 250 g de cr\u00e8me \u00e0 fouetter ou enti\u00e8re\n<br>\u00bc de tasse et 1 cuill\u00e8re \u00e0 soupe ou 50 g de sucre glace\n<br>\u00bd cuill\u00e8re \u00e0 th\u00e9 de cr\u00e8me de tartre\n<br>1 cuill\u00e8re \u00e0 th\u00e9 d&rsquo;extrait de vanille\n\n\t\t<\/div>\n\t<\/div>\n\t\n\t<div class=\"recette\">\n\t\t<p><em><strong>Pr\u00e9paration aux fraises<\/strong><\/em>\n<br>Dans un bol, faire gonfler la g\u00e9latine en poudre dans 1 cuill\u00e8re \u00e0 soupe l\u2019eau froide ou faire tremper les feuilles de g\u00e9latine dans un bol d\u2019eau froide, environ 5 minutes.<\/p>\n<p>Laver et \u00e9queuter les fraises. Mixer un peu moins 1\u00bc tasse (200 g) de fraises avec le sucre glace. Verser la pur\u00e9e dans une casserole et porter \u00e0 \u00e9bullition. Retirer la casserole du feu, ajouter la g\u00e9latine (bien l\u2019essorer si elle est en feuille) et m\u00e9langer.<\/p>\n<p>Couper les fraises restantes en petits morceaux. Ajouter les fruits \u00e0 la pur\u00e9e. Laisser temp\u00e9rer.<\/p>\n\t\t<div class=\"imginline2\" >\n\t\t\t<a href=\"https:\/\/cuisine.vsqc.net\/wp-content\/galerie\/2020\/2020.06\/fraises_viennoises_01.jpg\" >\n\t\t\t\t<img decoding=\"async\" class=\"imginline2\" src=\"https:\/\/cuisine.vsqc.net\/wp-content\/galerie\/2020\/2020.06\/fraises_viennoises_01.jpg\" alt=\"Verrine de fraises viennoises\" title=\"Verrine de fraises viennoises\" \/>\n\t\t\t<\/a>\n\t\t<\/div>\n<p><em><strong>Chantilly<\/strong><\/em>\n<br>Dans un bol, m\u00e9langer le sucre glace et la cr\u00e8me de tartre. Ajouter la cr\u00e8me et fouetter le m\u00e9lange pour obtenir des pics souples. Ajouter l&rsquo;extrait de vanille et fouette jusqu&rsquo;\u00e0 ce que la cr\u00e8me soit ferme.<\/p>\n<p>Dans des verrines ou des ramequins, r\u00e9partir la moiti\u00e9 de la pr\u00e9paration aux fraises. R\u00e9partir ensuite la moiti\u00e9 de la cr\u00e8me chantilly. R\u00e9partir le restant de pr\u00e9paration aux fraises. Garnir avec le restant de chantilly. R\u00e9server au r\u00e9frig\u00e9rateur au moins 3 heures avant de servir. D\u00e9guster avec gourmandise.<\/p>\n\t<\/div>\n<\/div>\n<p>Au passage, bonne St-Jean!<\/p>","protected":false},"excerpt":{"rendered":"Nom de la recette","protected":false},"author":2,"featured_media":0,"comment_status":"open","ping_status":"open","sticky":false,"template":"","format":"standard","meta":{"_acf_changed":false,"footnotes":""},"categories":[6,1],"tags":[119,291],"class_list":["post-17974","post","type-post","status-publish","format-standard","hentry","category-desserts","category-index-des-recettes","tag-fraise","tag-vanille"],"acf":[],"_links":{"self":[{"href":"https:\/\/cuisine.vsqc.net\/index.php?rest_route=\/wp\/v2\/posts\/17974","targetHints":{"allow":["GET"]}}],"collection":[{"href":"https:\/\/cuisine.vsqc.net\/index.php?rest_route=\/wp\/v2\/posts"}],"about":[{"href":"https:\/\/cuisine.vsqc.net\/index.php?rest_route=\/wp\/v2\/types\/post"}],"author":[{"embeddable":true,"href":"https:\/\/cuisine.vsqc.net\/index.php?rest_route=\/wp\/v2\/users\/2"}],"replies":[{"embeddable":true,"href":"https:\/\/cuisine.vsqc.net\/index.php?rest_route=%2Fwp%2Fv2%2Fcomments&post=17974"}],"version-history":[{"count":0,"href":"https:\/\/cuisine.vsqc.net\/index.php?rest_route=\/wp\/v2\/posts\/17974\/revisions"}],"wp:attachment":[{"href":"https:\/\/cuisine.vsqc.net\/index.php?rest_route=%2Fwp%2Fv2%2Fmedia&parent=17974"}],"wp:term":[{"taxonomy":"category","embeddable":true,"href":"https:\/\/cuisine.vsqc.net\/index.php?rest_route=%2Fwp%2Fv2%2Fcategories&post=17974"},{"taxonomy":"post_tag","embeddable":true,"href":"https:\/\/cuisine.vsqc.net\/index.php?rest_route=%2Fwp%2Fv2%2Ftags&post=17974"}],"curies":[{"name":"wp","href":"https:\/\/api.w.org\/{rel}","templated":true}]}}