{"id":18739,"date":"2021-07-21T15:48:30","date_gmt":"2021-07-21T15:48:30","guid":{"rendered":"https:\/\/cuisine.vsqc.net\/?p=18739"},"modified":"2021-07-21T15:48:30","modified_gmt":"2021-07-21T15:48:30","slug":"lapprehension","status":"publish","type":"post","link":"https:\/\/cuisine.vsqc.net\/?p=18739","title":{"rendered":"L&rsquo;appr\u00e9hension&#8230;"},"content":{"rendered":"<p>Ce matin, j&rsquo;avais un atelier bricolage avec une dizaine d&rsquo;enfants \u00e2g\u00e9s de 5 \u00e0 6 ans. J&rsquo;ai d\u00e9j\u00e0 particip\u00e9 \u00e0 l&rsquo;encadrement de ce genre d&rsquo;activit\u00e9, mais c&rsquo;\u00e9tait la premi\u00e8re fois que j&rsquo;\u00e9tais dans les initiatrices de l&rsquo;activit\u00e9. De plus, c&rsquo;est moi qui avait imagin\u00e9 le bricolage. Hier matin, les doutes ont commenc\u00e9 \u00e0 m&rsquo;envahir. S&rsquo;ils n&rsquo;aimaient pas ce bricolage? Est-ce qu&rsquo;il plaira autant aux filles qu&rsquo;aux gar\u00e7ons? Bref, il fallait attendre le d\u00e9but de l&rsquo;atelier pour le savoir. Au final, tout s&rsquo;est bien d\u00e9roul\u00e9&#8230; nous avons eu juste assez de temps pour finir le bricolage! Il y a eu un petit souci avec le mat\u00e9riel qui nous a l\u00e9g\u00e8rement retard\u00e9, mais tous les enfants ont pu repartir avec leur cr\u00e9ation et ont pass\u00e9 une belle matin\u00e9e.<\/p>\n<p>Pour continuer dans l&rsquo;esprit de l&rsquo;enfance, je vous propose une petite gourmandise que j&rsquo;ai d\u00e9couvert enfant : des carr\u00e9s au chocolat et \u00e0 la guimauve. <\/p>\n\n<div class=\"recettebody\">\n\n\t<img decoding=\"async\" class=\"imgrecette\" src=\"https:\/\/cuisine.vsqc.net\/wp-content\/galerie\/2021\/2021.07\/carres_guimauve_choco_petit.jpg\" alt=\"Carr\u00e9s au chocolat et \u00e0 la guimauve\" title=\"Carr\u00e9s au chocolat et \u00e0 la guimauve\" \/>\n\t<div class=\"recettetitle\">\n\t\t<strong>Carr\u00e9s au chocolat et \u00e0 la guimauve<\/strong>\n\t\t<br\/><em>Pour 16 personnes<\/em>\n\t\t<div class=\"ingredients\">\n\t\t\t<br>340 g (12 onces) de chocolat noir\n<br>\u2154 de tasse ou 160 g de beurre d&rsquo;arachides\n<br>2 \u00e0 3 tasses ou 100 \u00e0 150 g de mini guimauves*\n\t\t<\/div>\n\t<\/div>\n\t\n\t<div class=\"recette\">\n\t\t<p>Chemiser de papier parchemin un moule carr\u00e9 d&rsquo;environ 20 cm (8 pouces) de c\u00f4t\u00e9.<\/p>\n<p>Dans une casserole, faire fondre le chocolat et le beurre d&rsquo;arachide \u00e0 feu doux. Quand le m\u00e9lange est lisse et homog\u00e8ne, retirer du feu. Au besoin, laisser ti\u00e9dir le m\u00e9lange. Ajouter les guimauves et m\u00e9langer.<\/p>\n\t\t<div class=\"imginline2\" >\n\t\t\t<a href=\"https:\/\/cuisine.vsqc.net\/wp-content\/galerie\/2021\/2021.07\/carres_guimauve_choco_01.jpg\" >\n\t\t\t\t<img decoding=\"async\" class=\"imginline2\" src=\"https:\/\/cuisine.vsqc.net\/wp-content\/galerie\/2021\/2021.07\/carres_guimauve_choco_01.jpg\" alt=\"Carr\u00e9s au chocolat, au beurre d'arachides et \u00e0 la guimauve\" title=\"Carr\u00e9s au chocolat, au beurre d'arachides et \u00e0 la guimauve\" \/>\n\t\t\t<\/a>\n\t\t<\/div>\n<p>Verser dans le moule et r\u00e9frig\u00e9rer pendant au moins 4 heures ou jusqu&rsquo;\u00e0 ce que la pr\u00e9paration chocolat\u00e9e soit bien fig\u00e9e. D\u00e9couper en carr\u00e9s et d\u00e9guster avec gourmandise.<\/p>\n<p>*Vous pouvez \u00e9galement utiliser des guimauves de grande taille. Dans ce cas, il suffit de le couper en 4 ou 6 avant de faire fondre le chocolat avec le beurre d&rsquo;arachides.<\/p>\n\t<\/div>\n<\/div>\n<p>Bonne fin de journ\u00e9e!<\/p>","protected":false},"excerpt":{"rendered":"Nom de la recette","protected":false},"author":2,"featured_media":0,"comment_status":"open","ping_status":"open","sticky":false,"template":"","format":"standard","meta":{"_acf_changed":false,"footnotes":""},"categories":[6,1],"tags":[32,68,140],"class_list":["post-18739","post","type-post","status-publish","format-standard","hentry","category-desserts","category-index-des-recettes","tag-arachides","tag-chocolat","tag-guimauves"],"acf":[],"_links":{"self":[{"href":"https:\/\/cuisine.vsqc.net\/index.php?rest_route=\/wp\/v2\/posts\/18739","targetHints":{"allow":["GET"]}}],"collection":[{"href":"https:\/\/cuisine.vsqc.net\/index.php?rest_route=\/wp\/v2\/posts"}],"about":[{"href":"https:\/\/cuisine.vsqc.net\/index.php?rest_route=\/wp\/v2\/types\/post"}],"author":[{"embeddable":true,"href":"https:\/\/cuisine.vsqc.net\/index.php?rest_route=\/wp\/v2\/users\/2"}],"replies":[{"embeddable":true,"href":"https:\/\/cuisine.vsqc.net\/index.php?rest_route=%2Fwp%2Fv2%2Fcomments&post=18739"}],"version-history":[{"count":0,"href":"https:\/\/cuisine.vsqc.net\/index.php?rest_route=\/wp\/v2\/posts\/18739\/revisions"}],"wp:attachment":[{"href":"https:\/\/cuisine.vsqc.net\/index.php?rest_route=%2Fwp%2Fv2%2Fmedia&parent=18739"}],"wp:term":[{"taxonomy":"category","embeddable":true,"href":"https:\/\/cuisine.vsqc.net\/index.php?rest_route=%2Fwp%2Fv2%2Fcategories&post=18739"},{"taxonomy":"post_tag","embeddable":true,"href":"https:\/\/cuisine.vsqc.net\/index.php?rest_route=%2Fwp%2Fv2%2Ftags&post=18739"}],"curies":[{"name":"wp","href":"https:\/\/api.w.org\/{rel}","templated":true}]}}