{"id":4691,"date":"2011-03-17T09:54:01","date_gmt":"2011-03-17T09:54:01","guid":{"rendered":"https:\/\/cuisine.vsqc.net\/?p=4691"},"modified":"2011-03-17T09:54:01","modified_gmt":"2011-03-17T09:54:01","slug":"recapitulatif-du-muffin-monday-24","status":"publish","type":"post","link":"https:\/\/cuisine.vsqc.net\/?p=4691","title":{"rendered":"R\u00e9capitulatif du Muffin Monday #24"},"content":{"rendered":"<p>Voici d\u00e9j\u00e0 le moment de clore cette 24e \u00e9dition du Muffin Monday sur les fruits secs. Merci \u00e0 toutes les participantes.<\/p>\n\n<a href=\"https:\/\/cuisine.vsqc.net\/?p=4560\"><img loading=\"lazy\" decoding=\"async\" src=\"https:\/\/cuisine.vsqc.net\/wp-content\/uploads\/2011\/02\/mm24_petit.JPG\" alt=\"\" title=\"Muffin Monday #24\" width=\"200\" height=\"150\" class=\"align: center size-full wp-image-4573\" style=\"padding-right:10px\" \/><\/a><br>\n\n<p>#1 &#8211; <a href=\"https:\/\/cuisinetcouleurs.canalblog.com\/archives\/2011\/02\/17\/20388998.html\">Muffin \u00e0 l&rsquo;abricot farci d&rsquo;amandes<\/a> de Irisa, <a href=\"https:\/\/cuisinetcouleurs.canalblog.com\">Cuisine et Couleurs<\/a>\n<br><a href=\"https:\/\/cuisinetcouleurs.canalblog.com\/archives\/2011\/02\/17\/20388998.html\"><img loading=\"lazy\" decoding=\"async\" src=\"https:\/\/cuisine.vsqc.net\/wp-content\/uploads\/2011\/02\/Muffin-%C3%A0-labricot-farci-damandes.jpg\" alt=\"\" title=\"Muffin \u00e0 l&#039;abricot farci d&#039;amandes\" width=\"300\" height=\"300\" class=\"center size-full wp-image-4694\" \/><\/a><br><\/p>\n\n<p>#2 &#8211; <a href=\"http:\/\/babethcuisine.blogspot.com\/2011\/02\/lundice-serait-peut-etre-un-bon-jour.html\">Muffins au chocolat \u00e9clats de noisette et raisins secs<\/a> de Babeth, <a href=\"http:\/\/babethcuisine.blogspot.com\/\">Babeth&rsquo;s cuisine<\/a>\n<br><a href=\"http:\/\/babethcuisine.blogspot.com\/2011\/02\/lundice-serait-peut-etre-un-bon-jour.html\"><img loading=\"lazy\" decoding=\"async\" src=\"https:\/\/cuisine.vsqc.net\/wp-content\/uploads\/2011\/02\/muffins-chocolat-noisettes-raisins-secs.jpg\" alt=\"\" title=\"Muffins chocolat noisettes raisins secs\" width=\"240\" height=\"318\" class=\"center size-full wp-image-4738\" srcset=\"https:\/\/cuisine.vsqc.net\/wp-content\/uploads\/2011\/02\/muffins-chocolat-noisettes-raisins-secs.jpg 240w, https:\/\/cuisine.vsqc.net\/wp-content\/uploads\/2011\/02\/muffins-chocolat-noisettes-raisins-secs-226x300.jpg 226w\" sizes=\"auto, (max-width: 240px) 100vw, 240px\" \/><\/a><br><\/p>\n\n<p>#3 &#8211; <a href=\"http:\/\/veryeasykitchen.blogspot.com\/2011\/02\/des-croques-et-des-muffins-pour-les.html\">Muffins aux noix et chocolat<\/a> de Marie, <a href=\"http:\/\/veryeasykitchen.blogspot.com\/\">Very Easy&#8230; Kitchen<\/a>\n<br><a href=\"http:\/\/veryeasykitchen.blogspot.com\/2011\/02\/des-croques-et-des-muffins-pour-les.html\"><img loading=\"lazy\" decoding=\"async\" src=\"https:\/\/cuisine.vsqc.net\/wp-content\/uploads\/2011\/02\/Muffins-aux-noix-et-chocolat.jpg\" alt=\"\" title=\"Muffins aux noix et chocolat\" width=\"268\" height=\"400\" class=\"center size-full wp-image-4770\" srcset=\"https:\/\/cuisine.vsqc.net\/wp-content\/uploads\/2011\/02\/Muffins-aux-noix-et-chocolat.jpg 268w, https:\/\/cuisine.vsqc.net\/wp-content\/uploads\/2011\/02\/Muffins-aux-noix-et-chocolat-201x300.jpg 201w\" sizes=\"auto, (max-width: 268px) 100vw, 268px\" \/><\/a><br><\/p>\n\n<p>#4 &#8211; <a href=\"http:\/\/potsandpans.over-blog.com\/article-muffins-au-coca-et-aux-noix-de-pecan-68349505.html\">Muffins au Coca et au noix de p\u00e9can<\/a> de Anne, <a href=\"http:\/\/potsandpans.over-blog.com\">Pots and Pans<\/a>\n<br><a href=\"http:\/\/potsandpans.over-blog.com\/article-muffins-au-coca-et-aux-noix-de-pecan-68349505.html\"><img loading=\"lazy\" decoding=\"async\" src=\"https:\/\/cuisine.vsqc.net\/wp-content\/uploads\/2011\/03\/muffins_coca.jpg\" alt=\"\" title=\"Muffins au coca et aux noix de p\u00e9can\" width=\"375\" height=\"281\" class=\"center size-full wp-image-4794\" srcset=\"https:\/\/cuisine.vsqc.net\/wp-content\/uploads\/2011\/03\/muffins_coca.jpg 375w, https:\/\/cuisine.vsqc.net\/wp-content\/uploads\/2011\/03\/muffins_coca-300x225.jpg 300w\" sizes=\"auto, (max-width: 375px) 100vw, 375px\" \/><\/a><br><\/p>\n\n<p>#5 &#8211; <a href=\"http:\/\/troispetitstours.over-blog.com\/article-muffin-fa-on-berawecka-68282350.html\">Muffin fa\u00e7on \u00ab berawecka \u00bb<\/a> de Tiuscha, <a href=\"http:\/\/troispetitstours.over-blog.com\">Trois petits tours et cuisinons!<\/a>\n<br><a href=\"http:\/\/troispetitstours.over-blog.com\/article-muffin-fa-on-berawecka-68282350.html\"><img loading=\"lazy\" decoding=\"async\" src=\"https:\/\/cuisine.vsqc.net\/wp-content\/uploads\/2011\/03\/muffin_berawecka.jpg\" alt=\"\" title=\"Muffin berawecka\" width=\"363\" height=\"281\" class=\"center size-full wp-image-4858\" srcset=\"https:\/\/cuisine.vsqc.net\/wp-content\/uploads\/2011\/03\/muffin_berawecka.jpg 363w, https:\/\/cuisine.vsqc.net\/wp-content\/uploads\/2011\/03\/muffin_berawecka-300x232.jpg 300w\" sizes=\"auto, (max-width: 363px) 100vw, 363px\" \/><\/a><br><\/p>\n\n<p>#6 &#8211; <a href=\"http:\/\/aventuresculinairesdekiki.blogspot.com\/2011\/03\/muffins-truffes-au-chocolat-aux-amandes.html\">Muffins truff\u00e9s au chocolat, aux amandes et aux framboises<\/a> de Kiki, <a href=\"http:\/\/aventuresculinairesdekiki.blogspot.com\">Les Aventures <br\/>&nbsp;&nbsp;culinaires de Kiki<\/a>\n<br><a href=\"http:\/\/aventuresculinairesdekiki.blogspot.com\/2011\/03\/muffins-truffes-au-chocolat-aux-amandes.html\"><img loading=\"lazy\" decoding=\"async\" src=\"https:\/\/cuisine.vsqc.net\/wp-content\/uploads\/2011\/03\/Muffins-truffes-choco-framboises-amandes.jpg\" alt=\"\" title=\"Muffins truff\u00e9s choco, framboises, amandes\" width=\"300\" height=\"400\" class=\"center size-full wp-image-4873\" srcset=\"https:\/\/cuisine.vsqc.net\/wp-content\/uploads\/2011\/03\/Muffins-truffes-choco-framboises-amandes.jpg 300w, https:\/\/cuisine.vsqc.net\/wp-content\/uploads\/2011\/03\/Muffins-truffes-choco-framboises-amandes-225x300.jpg 225w\" sizes=\"auto, (max-width: 300px) 100vw, 300px\" \/><\/a><br><\/p>\n\n<p>#7 &#8211; <a href=\"http:\/\/latetedanslechaudron.blogspot.com\/2011\/03\/muffins-aux-trois-fruits.html\">Muffins aux trois fruits<\/a> de M\u00e9lanie, <a href=\"http:\/\/latetedanslechaudron.blogspot.com\">La t\u00eate dans le chaudron<\/a>\n<br><a href=\"http:\/\/latetedanslechaudron.blogspot.com\/2011\/03\/muffins-aux-trois-fruits.html\"><img loading=\"lazy\" decoding=\"async\" src=\"https:\/\/cuisine.vsqc.net\/wp-content\/uploads\/2011\/03\/muffin_3_fruits_Melanie.jpg\" alt=\"\" title=\"Muffins aux trois fruits de M\u00e9lanie\" width=\"375\" height=\"283\" class=\"center size-full wp-image-4908\" srcset=\"https:\/\/cuisine.vsqc.net\/wp-content\/uploads\/2011\/03\/muffin_3_fruits_Melanie.jpg 375w, https:\/\/cuisine.vsqc.net\/wp-content\/uploads\/2011\/03\/muffin_3_fruits_Melanie-300x226.jpg 300w\" sizes=\"auto, (max-width: 375px) 100vw, 375px\" \/><\/a><br><\/p>\n\n<p>#8 &#8211; <a href=\"http:\/\/un-amour-de-cuisine.skyrock.com\/2983490553-Douceur-exotique.html\">Douceur exotique<\/a> de Ma\u00ebva, <a href=\"http:\/\/un-amour-de-cuisine.skyrock.com\">Un amour de cuisine<\/a>\n<br><a href=\"http:\/\/un-amour-de-cuisine.skyrock.com\/2983490553-Douceur-exotique.html\"><img loading=\"lazy\" decoding=\"async\" src=\"https:\/\/cuisine.vsqc.net\/wp-content\/uploads\/2011\/03\/muffin_coco_ananas.jpg\" alt=\"\" title=\"Douceur exotique\" width=\"375\" height=\"270\" class=\"center size-full wp-image-4947\" srcset=\"https:\/\/cuisine.vsqc.net\/wp-content\/uploads\/2011\/03\/muffin_coco_ananas.jpg 375w, https:\/\/cuisine.vsqc.net\/wp-content\/uploads\/2011\/03\/muffin_coco_ananas-300x216.jpg 300w\" sizes=\"auto, (max-width: 375px) 100vw, 375px\" \/><\/a><br><\/p>\n\n<p>#9 &#8211; <a href=\"http:\/\/ados-cuistos.skyrock.com\/2983679581-Muffin-Monday-24-MUFFINS-moelleux-a-la-pistache-et-a-l-amande.html\">Muffins \u00e0 la pistache et \u00e0 l\u2019amande<\/a> de Louise, <a href=\"http:\/\/ados-cuistos.skyrock.com\">Ados-cuistos<\/a>\n<br><a href=\"http:\/\/ados-cuistos.skyrock.com\/2983679581-Muffin-Monday-24-MUFFINS-moelleux-a-la-pistache-et-a-l-amande.html\"><img loading=\"lazy\" decoding=\"async\" src=\"https:\/\/cuisine.vsqc.net\/wp-content\/uploads\/2011\/03\/Muffin_amandes_pistaches.jpg\" alt=\"\" title=\"Muffin \u00e0 la pistache et \u00e0 l&#039;amande\" width=\"375\" height=\"281\" class=\"center size-full wp-image-4960\" srcset=\"https:\/\/cuisine.vsqc.net\/wp-content\/uploads\/2011\/03\/Muffin_amandes_pistaches.jpg 375w, https:\/\/cuisine.vsqc.net\/wp-content\/uploads\/2011\/03\/Muffin_amandes_pistaches-300x225.jpg 300w\" sizes=\"auto, (max-width: 375px) 100vw, 375px\" \/><\/a><br>\n<\/p>\n\n<p>#10 &#8211; <a href=\"http:\/\/lespetitspois.net\/2011\/03\/11\/petites-douceurs\/muffins-chocolat-et-noisettes\/\">Muffins au chocolat et aux noisettes<\/a> de Lilie, <a href=\"http:\/\/lespetitspois.net\/\">Les petits pois&#8230;<\/a>\n<br><a href=\"http:\/\/lespetitspois.net\/2011\/03\/11\/petites-douceurs\/muffins-chocolat-et-noisettes\/\"><img loading=\"lazy\" decoding=\"async\" src=\"https:\/\/cuisine.vsqc.net\/wp-content\/uploads\/2011\/03\/muffins_choc_noisettes.jpg\" alt=\"\" title=\"Muffins_choc_noisettes\" width=\"250\" height=\"376\" class=\"center size-full wp-image-4965\" srcset=\"https:\/\/cuisine.vsqc.net\/wp-content\/uploads\/2011\/03\/muffins_choc_noisettes.jpg 250w, https:\/\/cuisine.vsqc.net\/wp-content\/uploads\/2011\/03\/muffins_choc_noisettes-199x300.jpg 199w\" sizes=\"auto, (max-width: 250px) 100vw, 250px\" \/><\/a><\/p><br>\n\n<p>#11 &#8211; <a href=\"http:\/\/chichichoc.blogspot.com\/2011\/03\/muffins-pralines-pour-le-muffin.html\">Muffins pralin\u00e9s et noisettes<\/a> de Carine, <a href=\"http:\/\/chichichoc.blogspot.com\">Chic, chic, choc&#8230;olat<\/a>\n<br><a href=\"http:\/\/chichichoc.blogspot.com\/2011\/03\/muffins-pralines-pour-le-muffin.html\"><img loading=\"lazy\" decoding=\"async\" src=\"https:\/\/cuisine.vsqc.net\/wp-content\/uploads\/2011\/03\/muffins-pralin%C3%A9s-et-noisettes.jpg\" alt=\"\" title=\"Muffins pralin\u00e9s et noisettes\" width=\"394\" height=\"281\" class=\"center size-full wp-image-4988\" \/><\/a><\/p><br>\n\n<p>#12 &#8211; <a href=\"http:\/\/muffinsloveme.over-blog.com\/article-muffins-aux-airelles-sechees-chocolat-blanc-et-crumble-de-pistaches-69291378.html\">Muffins aux airelles s\u00e9ch\u00e9es, chocolat blanc et son crumble de pistaches<\/a> d&rsquo;Amande, <br\/>&nbsp;&nbsp;<a href=\"http:\/\/muffinsloveme.over-blog.com\">Muffins love me<\/a>\n<br><a href=\"http:\/\/muffinsloveme.over-blog.com\/article-muffins-aux-airelles-sechees-chocolat-blanc-et-crumble-de-pistaches-69291378.html\"><img loading=\"lazy\" decoding=\"async\" src=\"https:\/\/cuisine.vsqc.net\/wp-content\/uploads\/2011\/03\/Muffins-aux-airelles-s%C3%A9ch%C3%A9es-chocolat-blanc-et-pistaches.jpg\" alt=\"\" title=\"Muffins aux airelles s\u00e9ch\u00e9es, chocolat blanc et pistaches\" width=\"285\" height=\"380\" class=\"center size-full wp-image-4994\" \/><\/a><br><\/p>\n\n<p>#13 &#8211; <a href=\"http:\/\/leshorizonsdewa.canalblog.com\/archives\/2011\/03\/14\/20603882.html\">Muffins aux dattes Medjool et confit de p\u00e9tales de rose<\/a> d&rsquo;Ewa, <a href=\"http:\/\/leshorizonsdewa.canalblog.com\">Les  Horizons d&rsquo;Ewa<\/a>\n<br><a href=\"http:\/\/leshorizonsdewa.canalblog.com\/archives\/2011\/03\/14\/20603882.html\"><img loading=\"lazy\" decoding=\"async\" src=\"https:\/\/cuisine.vsqc.net\/wp-content\/uploads\/2011\/03\/Muffins-aux-dattes-Medjool-et-p%C3%A9tales-de-rose.jpg\" alt=\"\" title=\"Muffins aux dattes Medjool et p\u00e9tales de rose\" width=\"367\" height=\"275\" class=\"center size-full wp-image-4995\" \/><\/a><br><\/p>\n\n<p>#14 &#8211; <a href=\"http:\/\/lesrecettesdecamus.blogspot.com\/2011\/03\/muffins-americains-style-pecan-pie-aux.html\">Muffins Am\u00e9ricains style Pecan Pie, aux noix de p\u00e9can, sirop d&rsquo;\u00e9rable, praline <br\/>&nbsp;&nbsp;et chocolat<\/a> de Camus, <a href=\"http:\/\/lesrecettesdecamus.blogspot.com\">Les Recettes de Camus<\/a>\n<br><a href=\"http:\/\/lesrecettesdecamus.blogspot.com\/2011\/03\/muffins-americains-style-pecan-pie-aux.html\"><img loading=\"lazy\" decoding=\"async\" src=\"https:\/\/cuisine.vsqc.net\/wp-content\/uploads\/2011\/03\/muffin_pecan_sirop_erable.jpg\" alt=\"\" title=\"Muffins Am\u00e9ricains style Pecan Pie\" width=\"285\" height=\"380\" class=\"center size-full wp-image-5001\" srcset=\"https:\/\/cuisine.vsqc.net\/wp-content\/uploads\/2011\/03\/muffin_pecan_sirop_erable.jpg 285w, https:\/\/cuisine.vsqc.net\/wp-content\/uploads\/2011\/03\/muffin_pecan_sirop_erable-225x300.jpg 225w\" sizes=\"auto, (max-width: 285px) 100vw, 285px\" \/><\/a><br><\/p>\n\n<p>#15 &#8211; <a href=\"http:\/\/www.gourmandises2lea.com\/article-muffins-pruneaux-pistaches-et-orange-69406987.html\">Muffin pruneaux, pistache et orange<\/a> de L\u00e9a.M, <a href=\"http:\/\/www.gourmandises2lea.com\">Les gourmandises de L\u00e9a<\/a>\n<br><a href=\"http:\/\/www.gourmandises2lea.com\/article-muffins-pruneaux-pistaches-et-orange-69406987.html\"><img loading=\"lazy\" decoding=\"async\" src=\"https:\/\/cuisine.vsqc.net\/wp-content\/uploads\/2011\/03\/muffin_POP.jpg\" alt=\"\" title=\"Muffin pruneaux, pistaches et orange\" width=\"375\" height=\"281\" class=\"center size-full wp-image-5028\" srcset=\"https:\/\/cuisine.vsqc.net\/wp-content\/uploads\/2011\/03\/muffin_POP.jpg 375w, https:\/\/cuisine.vsqc.net\/wp-content\/uploads\/2011\/03\/muffin_POP-300x225.jpg 300w\" sizes=\"auto, (max-width: 375px) 100vw, 375px\" \/><\/a>\n<br><\/p>\n\n<p>Si j&rsquo;ai oubli\u00e9 quelqu&rsquo;un, indiquez-le moi le plus rapidement possible. Je vous transmettrais les r\u00e9sultats d\u00e8s que possible et la gagnante aura le plaisir d&rsquo;organiser le 25e Muffin Monday.<\/p>\n<p>Bonne journ\u00e9e!<\/p>","protected":false},"excerpt":{"rendered":"Muffin Monday #24 &#8211; R\u00e9capitulatif","protected":false},"author":2,"featured_media":0,"comment_status":"open","ping_status":"open","sticky":false,"template":"","format":"standard","meta":{"_acf_changed":false,"footnotes":""},"categories":[3],"tags":[],"class_list":["post-4691","post","type-post","status-publish","format-standard","hentry","category-blabla"],"acf":[],"_links":{"self":[{"href":"https:\/\/cuisine.vsqc.net\/index.php?rest_route=\/wp\/v2\/posts\/4691","targetHints":{"allow":["GET"]}}],"collection":[{"href":"https:\/\/cuisine.vsqc.net\/index.php?rest_route=\/wp\/v2\/posts"}],"about":[{"href":"https:\/\/cuisine.vsqc.net\/index.php?rest_route=\/wp\/v2\/types\/post"}],"author":[{"embeddable":true,"href":"https:\/\/cuisine.vsqc.net\/index.php?rest_route=\/wp\/v2\/users\/2"}],"replies":[{"embeddable":true,"href":"https:\/\/cuisine.vsqc.net\/index.php?rest_route=%2Fwp%2Fv2%2Fcomments&post=4691"}],"version-history":[{"count":0,"href":"https:\/\/cuisine.vsqc.net\/index.php?rest_route=\/wp\/v2\/posts\/4691\/revisions"}],"wp:attachment":[{"href":"https:\/\/cuisine.vsqc.net\/index.php?rest_route=%2Fwp%2Fv2%2Fmedia&parent=4691"}],"wp:term":[{"taxonomy":"category","embeddable":true,"href":"https:\/\/cuisine.vsqc.net\/index.php?rest_route=%2Fwp%2Fv2%2Fcategories&post=4691"},{"taxonomy":"post_tag","embeddable":true,"href":"https:\/\/cuisine.vsqc.net\/index.php?rest_route=%2Fwp%2Fv2%2Ftags&post=4691"}],"curies":[{"name":"wp","href":"https:\/\/api.w.org\/{rel}","templated":true}]}}